{"id":11,"date":"2019-09-18T14:20:34","date_gmt":"2019-09-18T12:20:34","guid":{"rendered":"https:\/\/dev-lukasz.local.clos.pl\/blog-clos\/?p=11"},"modified":"2020-01-18T11:05:45","modified_gmt":"2020-01-18T10:05:45","slug":"muzeum-historii-zydow-polskich-wystawa-multimedialna","status":"publish","type":"post","link":"https:\/\/www.closbrothers.pl\/blog\/muzeum-historii-zydow-polskich-wystawa-multimedialna\/","title":{"rendered":"Muzeum Historii \u017byd\u00f3w Polskich  Interaktywna wystawa multimedialna"},"content":{"rendered":"\n<h3 class=\"wp-block-heading\">Stanowiska interaktywne i projekcje<\/h3>\n\n\n\n<p>W prace nad\nprojektami dla Muzeum Historii \u017byd\u00f3w Polskich w Warszawie byli\u015bmy zaanga\u017cowani\nod maja 2012 roku do wrze\u015bnia 2014 roku. <\/p>\n\n\n\n<p>Brali\u015bmy udzia\u0142\nw tworzeniu ka\u017cdej z o\u015bmiu galerii sk\u0142adaj\u0105cych si\u0119 wystaw\u0119 g\u0142\u00f3wn\u0105. \u0141\u0105cznie na\nzlecenie Stowarzyszenia \u017bydowski Instytut Historyczny stworzyli\u015bmy 73 stanowiska\ninteraktywne i 29 projekcji, opracowuj\u0105c w tym czasie ponad 5000 materia\u0142\u00f3w zdj\u0119ciowych.<\/p>\n\n\n\n<p>Byli\u015bmy\nodpowiedzialni zar\u00f3wno za warstw\u0119 wizualn\u0105, koncepcj\u0119 funkcjonaln\u0105, scenariusze,\njak i produkcj\u0119.<\/p>\n\n\n\n<p>Oto kilka najbardziej spektakularnych realizacji.<\/p>\n\n\n\n<h2 class=\"wp-block-heading\">Sklepienie synagogi<\/h2>\n\n\n\n<p>To stanowisko interaktywne zosta\u0142o ulokowane pod niezwyk\u0142ym obiektem \u2013 zrekonstruowanym sklepieniem synagogi w Gwo\u017ad\u017acu. Na monitorze dotykowym zwiedzaj\u0105cy maj\u0105 do dyspozycji model 3d sklepienia, kt\u00f3rego detale mog\u0105&nbsp;powi\u0119ksza\u0107 i ogl\u0105da\u0107 z bliska. Mog\u0105 te\u017c pozna\u0107 symbolik\u0119 przedstawionych na sklepieniu scen.<\/p>\n\n\n\n<h2 class=\"wp-block-heading\">Krak\u00f3w Kazimierz<\/h2>\n\n\n\n<p>Ta ogromna instalacja multimedialna \u0142\u0105czy makiet\u0119 Kazimierza \u2013 krakowskiej dzielnicy \u017cydowskiej \u2013 z projekcj\u0105 filmow\u0105 i stanowiskami interaktywnymi. Pokazuje \u017cycie krakowskiej spo\u0142eczno\u015bci \u017cydowskiej w XVI w.<\/p>\n\n\n\n<figure class=\"wp-block-gallery columns-1 is-cropped wp-block-gallery-1 is-layout-flex wp-block-gallery-is-layout-flex\"><ul class=\"blocks-gallery-grid\"><li class=\"blocks-gallery-item\"><figure><img decoding=\"async\" loading=\"lazy\" width=\"1024\" height=\"320\" src=\"https:\/\/dev-lukasz.local.clos.pl\/blog-clos\/wp-content\/uploads\/2019\/09\/wystawa-muzeum-z\u0307ydo\u0301w-polskich-1-1024x320.jpg\" alt=\"\" data-id=\"79\" data-link=\"https:\/\/dev-lukasz.local.clos.pl\/blog-clos\/muzeum-historii-zydow-polskich-wystawa-multimedialna\/wystawa-muzeum-z%cc%87ydow-polskich-2\/\" class=\"wp-image-79\" srcset=\"https:\/\/www.closbrothers.pl\/blog\/wp-content\/uploads\/2019\/09\/wystawa-muzeum-z\u0307ydo\u0301w-polskich-1-1024x320.jpg 1024w, https:\/\/www.closbrothers.pl\/blog\/wp-content\/uploads\/2019\/09\/wystawa-muzeum-z\u0307ydo\u0301w-polskich-1-300x94.jpg 300w, https:\/\/www.closbrothers.pl\/blog\/wp-content\/uploads\/2019\/09\/wystawa-muzeum-z\u0307ydo\u0301w-polskich-1-768x240.jpg 768w, https:\/\/www.closbrothers.pl\/blog\/wp-content\/uploads\/2019\/09\/wystawa-muzeum-z\u0307ydo\u0301w-polskich-1.jpg 1920w\" sizes=\"(max-width: 1024px) 100vw, 1024px\" \/><\/figure><\/li><\/ul><\/figure>\n","protected":false},"excerpt":{"rendered":"<p>\u201eTysi\u0105c lat wsp\u00f3lnej historii\u201d to interaktywna wystawa ukazuj\u0105ca dzieje spo\u0142eczno\u015bci \u017cydowskiej na ziemiach polskich. Jeste\u015bmy niezwykle dumni, \u017ce uda\u0142o si\u0119 nam przyczyni\u0107\u00a0do powstania jednej z najnowocze\u015bniejszych ekspozycji w Polsce.<\/p>\n","protected":false},"author":3,"featured_media":13,"comment_status":"open","ping_status":"open","sticky":false,"template":"","format":"standard","meta":{"footnotes":""},"categories":[3,1],"tags":[16,17,18,19],"yoast_head":"<!-- This site is optimized with the Yoast SEO plugin v21.8 - https:\/\/yoast.com\/wordpress\/plugins\/seo\/ -->\n<title>Muzeum Historii \u017byd\u00f3w Polskich Interaktywna wystawa multimedialna | Clos Brothers<\/title>\n<meta name=\"description\" content=\"Od maja 2012 roku do wrze\u015bnia 2014 roku tworzyli\u015bmy wystaw\u0119 multimedialn\u0105 zatytu\u0142owan\u0105 &quot;Tysi\u0105c lat wsp\u00f3lnej historii&quot;, kt\u00f3ra ukazywa\u0142a dzieje \u017byd\u00f3w w Polsce\" \/>\n<meta name=\"robots\" content=\"index, follow, max-snippet:-1, max-image-preview:large, max-video-preview:-1\" \/>\n<link rel=\"canonical\" href=\"https:\/\/www.closbrothers.pl\/blog\/muzeum-historii-zydow-polskich-wystawa-multimedialna\/\" \/>\n<meta property=\"og:locale\" content=\"pl_PL\" \/>\n<meta property=\"og:type\" content=\"article\" \/>\n<meta property=\"og:title\" content=\"Muzeum Historii \u017byd\u00f3w Polskich Interaktywna wystawa multimedialna | Clos Brothers\" \/>\n<meta property=\"og:description\" content=\"Od maja 2012 roku do wrze\u015bnia 2014 roku tworzyli\u015bmy wystaw\u0119 multimedialn\u0105 zatytu\u0142owan\u0105 &quot;Tysi\u0105c lat wsp\u00f3lnej historii&quot;, kt\u00f3ra ukazywa\u0142a dzieje \u017byd\u00f3w w Polsce\" \/>\n<meta property=\"og:url\" content=\"https:\/\/www.closbrothers.pl\/blog\/muzeum-historii-zydow-polskich-wystawa-multimedialna\/\" \/>\n<meta property=\"og:site_name\" content=\"Blog o marketingu internetowym - Agencja Clos Brothers\" \/>\n<meta property=\"article:publisher\" content=\"https:\/\/www.facebook.com\/closbrothers\/\" \/>\n<meta property=\"article:published_time\" content=\"2019-09-18T12:20:34+00:00\" \/>\n<meta property=\"article:modified_time\" content=\"2020-01-18T10:05:45+00:00\" \/>\n<meta property=\"og:image\" content=\"https:\/\/www.closbrothers.pl\/blog\/wp-content\/uploads\/2019\/09\/article-2.jpg\" \/>\n\t<meta property=\"og:image:width\" content=\"831\" \/>\n\t<meta property=\"og:image:height\" content=\"404\" \/>\n\t<meta property=\"og:image:type\" content=\"image\/jpeg\" \/>\n<meta name=\"author\" content=\"Marcin Kope\u0107\" \/>\n<meta name=\"twitter:card\" content=\"summary_large_image\" \/>\n<meta name=\"twitter:label1\" content=\"Napisane przez\" \/>\n\t<meta name=\"twitter:data1\" content=\"Marcin Kope\u0107\" \/>\n\t<meta name=\"twitter:label2\" content=\"Szacowany czas czytania\" \/>\n\t<meta name=\"twitter:data2\" content=\"1 minuta\" \/>\n<script type=\"application\/ld+json\" class=\"yoast-schema-graph\">{\"@context\":\"https:\/\/schema.org\",\"@graph\":[{\"@type\":\"Article\",\"@id\":\"https:\/\/www.closbrothers.pl\/blog\/muzeum-historii-zydow-polskich-wystawa-multimedialna\/#article\",\"isPartOf\":{\"@id\":\"https:\/\/www.closbrothers.pl\/blog\/muzeum-historii-zydow-polskich-wystawa-multimedialna\/\"},\"author\":{\"name\":\"Marcin Kope\u0107\",\"@id\":\"https:\/\/www.closbrothers.pl\/blog\/#\/schema\/person\/0ee5499e5099f1bcc34d05399c0848b2\"},\"headline\":\"Muzeum Historii \u017byd\u00f3w Polskich Interaktywna wystawa multimedialna\",\"datePublished\":\"2019-09-18T12:20:34+00:00\",\"dateModified\":\"2020-01-18T10:05:45+00:00\",\"mainEntityOfPage\":{\"@id\":\"https:\/\/www.closbrothers.pl\/blog\/muzeum-historii-zydow-polskich-wystawa-multimedialna\/\"},\"wordCount\":174,\"commentCount\":0,\"publisher\":{\"@id\":\"https:\/\/www.closbrothers.pl\/blog\/#organization\"},\"keywords\":[\"interaktywa\",\"multimedia\",\"muzeum\",\"projekt\"],\"articleSection\":[\"Social media\",\"Strategia\"],\"inLanguage\":\"pl-PL\",\"potentialAction\":[{\"@type\":\"CommentAction\",\"name\":\"Comment\",\"target\":[\"https:\/\/www.closbrothers.pl\/blog\/muzeum-historii-zydow-polskich-wystawa-multimedialna\/#respond\"]}]},{\"@type\":\"WebPage\",\"@id\":\"https:\/\/www.closbrothers.pl\/blog\/muzeum-historii-zydow-polskich-wystawa-multimedialna\/\",\"url\":\"https:\/\/www.closbrothers.pl\/blog\/muzeum-historii-zydow-polskich-wystawa-multimedialna\/\",\"name\":\"Muzeum Historii \u017byd\u00f3w Polskich Interaktywna wystawa multimedialna | Clos Brothers\",\"isPartOf\":{\"@id\":\"https:\/\/www.closbrothers.pl\/blog\/#website\"},\"datePublished\":\"2019-09-18T12:20:34+00:00\",\"dateModified\":\"2020-01-18T10:05:45+00:00\",\"description\":\"Od maja 2012 roku do wrze\u015bnia 2014 roku tworzyli\u015bmy wystaw\u0119 multimedialn\u0105 zatytu\u0142owan\u0105 \\\"Tysi\u0105c lat wsp\u00f3lnej historii\\\", kt\u00f3ra ukazywa\u0142a dzieje \u017byd\u00f3w w Polsce\",\"breadcrumb\":{\"@id\":\"https:\/\/www.closbrothers.pl\/blog\/muzeum-historii-zydow-polskich-wystawa-multimedialna\/#breadcrumb\"},\"inLanguage\":\"pl-PL\",\"potentialAction\":[{\"@type\":\"ReadAction\",\"target\":[\"https:\/\/www.closbrothers.pl\/blog\/muzeum-historii-zydow-polskich-wystawa-multimedialna\/\"]}]},{\"@type\":\"BreadcrumbList\",\"@id\":\"https:\/\/www.closbrothers.pl\/blog\/muzeum-historii-zydow-polskich-wystawa-multimedialna\/#breadcrumb\",\"itemListElement\":[{\"@type\":\"ListItem\",\"position\":1,\"name\":\"Strona g\u0142\u00f3wna\",\"item\":\"https:\/\/www.closbrothers.pl\/blog\/\"},{\"@type\":\"ListItem\",\"position\":2,\"name\":\"Muzeum Historii \u017byd\u00f3w Polskich Interaktywna wystawa multimedialna\"}]},{\"@type\":\"WebSite\",\"@id\":\"https:\/\/www.closbrothers.pl\/blog\/#website\",\"url\":\"https:\/\/www.closbrothers.pl\/blog\/\",\"name\":\"Blog o marketingu internetowym - Agencja Clos Brothers\",\"description\":\"Blog agencji Clos Brothers to aktualno\u015bciami o marketingu internetowym. Najnowsze wiadomo\u015bci ze \u015bwiata SEO, PPC, SEM, Webdesignu, Social media marketing i wiele wi\u0119cej.\",\"publisher\":{\"@id\":\"https:\/\/www.closbrothers.pl\/blog\/#organization\"},\"potentialAction\":[{\"@type\":\"SearchAction\",\"target\":{\"@type\":\"EntryPoint\",\"urlTemplate\":\"https:\/\/www.closbrothers.pl\/blog\/?s={search_term_string}\"},\"query-input\":\"required name=search_term_string\"}],\"inLanguage\":\"pl-PL\"},{\"@type\":\"Organization\",\"@id\":\"https:\/\/www.closbrothers.pl\/blog\/#organization\",\"name\":\"Clos Brothers SA\",\"url\":\"https:\/\/www.closbrothers.pl\/blog\/\",\"logo\":{\"@type\":\"ImageObject\",\"inLanguage\":\"pl-PL\",\"@id\":\"https:\/\/www.closbrothers.pl\/blog\/#\/schema\/logo\/image\/\",\"url\":\"https:\/\/www.closbrothers.pl\/blog\/wp-content\/uploads\/2020\/01\/logo.png\",\"contentUrl\":\"https:\/\/www.closbrothers.pl\/blog\/wp-content\/uploads\/2020\/01\/logo.png\",\"width\":175,\"height\":175,\"caption\":\"Clos Brothers SA\"},\"image\":{\"@id\":\"https:\/\/www.closbrothers.pl\/blog\/#\/schema\/logo\/image\/\"},\"sameAs\":[\"https:\/\/www.facebook.com\/closbrothers\/\",\"https:\/\/www.instagram.com\/closbrothers\/?hl=pl\"]},{\"@type\":\"Person\",\"@id\":\"https:\/\/www.closbrothers.pl\/blog\/#\/schema\/person\/0ee5499e5099f1bcc34d05399c0848b2\",\"name\":\"Marcin Kope\u0107\",\"image\":{\"@type\":\"ImageObject\",\"inLanguage\":\"pl-PL\",\"@id\":\"https:\/\/www.closbrothers.pl\/blog\/#\/schema\/person\/image\/\",\"url\":\"https:\/\/www.closbrothers.pl\/blog\/wp-content\/uploads\/2020\/01\/Marcin-K-96x96.jpg\",\"contentUrl\":\"https:\/\/www.closbrothers.pl\/blog\/wp-content\/uploads\/2020\/01\/Marcin-K-96x96.jpg\",\"caption\":\"Marcin Kope\u0107\"},\"description\":\"Rozpoczyna\u0142 karier\u0119 w mi\u0119dzynarodowych firmach bran\u017cy doradczej, od ponad 18 lat zwi\u0105zany z reklam\u0105. Partner zarz\u0105dzaj\u0105cy w agencji Clos Brothers. Wsp\u00f3\u0142tworzy\u0142 strategie i zarz\u0105dza\u0142 zespo\u0142ami obs\u0142uguj\u0105cymi takie marki jak Toyota, Allianz, Cyfrowy Polsat, czy PZU. Odpowiada\u0142 tak\u017ce za zesp\u00f3\u0142 realizuj\u0105cy multimedia wystawy sta\u0142ej Muzeum Polin, Muzeum \u015al\u0105skiego, Muzeum Powsta\u0144 \u015al\u0105skich, Muzeum Jana Paw\u0142a II i Muzeum Pi\u0142sudskiego. Opr\u00f3cz reklamy interesuje si\u0119 filmem, jest producentem m.in. wielokrotnie nagradzanego na mi\u0119dzynarodowych festiwalach filmowych polsko-ameryka\u0144skiego filmu \u201eParadox Lake\u201d. Prywatnie ojciec dw\u00f3ch syn\u00f3w, pasjonat rower\u00f3w, kite surfingu i narciarstwa.\"}]}<\/script>\n<!-- \/ Yoast SEO plugin. -->","yoast_head_json":{"title":"Muzeum Historii \u017byd\u00f3w Polskich Interaktywna wystawa multimedialna | Clos Brothers","description":"Od maja 2012 roku do wrze\u015bnia 2014 roku tworzyli\u015bmy wystaw\u0119 multimedialn\u0105 zatytu\u0142owan\u0105 \"Tysi\u0105c lat wsp\u00f3lnej historii\", kt\u00f3ra ukazywa\u0142a dzieje \u017byd\u00f3w w Polsce","robots":{"index":"index","follow":"follow","max-snippet":"max-snippet:-1","max-image-preview":"max-image-preview:large","max-video-preview":"max-video-preview:-1"},"canonical":"https:\/\/www.closbrothers.pl\/blog\/muzeum-historii-zydow-polskich-wystawa-multimedialna\/","og_locale":"pl_PL","og_type":"article","og_title":"Muzeum Historii \u017byd\u00f3w Polskich Interaktywna wystawa multimedialna | Clos Brothers","og_description":"Od maja 2012 roku do wrze\u015bnia 2014 roku tworzyli\u015bmy wystaw\u0119 multimedialn\u0105 zatytu\u0142owan\u0105 \"Tysi\u0105c lat wsp\u00f3lnej historii\", kt\u00f3ra ukazywa\u0142a dzieje \u017byd\u00f3w w Polsce","og_url":"https:\/\/www.closbrothers.pl\/blog\/muzeum-historii-zydow-polskich-wystawa-multimedialna\/","og_site_name":"Blog o marketingu internetowym - Agencja Clos Brothers","article_publisher":"https:\/\/www.facebook.com\/closbrothers\/","article_published_time":"2019-09-18T12:20:34+00:00","article_modified_time":"2020-01-18T10:05:45+00:00","og_image":[{"width":831,"height":404,"url":"https:\/\/www.closbrothers.pl\/blog\/wp-content\/uploads\/2019\/09\/article-2.jpg","type":"image\/jpeg"}],"author":"Marcin Kope\u0107","twitter_card":"summary_large_image","twitter_misc":{"Napisane przez":"Marcin Kope\u0107","Szacowany czas czytania":"1 minuta"},"schema":{"@context":"https:\/\/schema.org","@graph":[{"@type":"Article","@id":"https:\/\/www.closbrothers.pl\/blog\/muzeum-historii-zydow-polskich-wystawa-multimedialna\/#article","isPartOf":{"@id":"https:\/\/www.closbrothers.pl\/blog\/muzeum-historii-zydow-polskich-wystawa-multimedialna\/"},"author":{"name":"Marcin Kope\u0107","@id":"https:\/\/www.closbrothers.pl\/blog\/#\/schema\/person\/0ee5499e5099f1bcc34d05399c0848b2"},"headline":"Muzeum Historii \u017byd\u00f3w Polskich Interaktywna wystawa multimedialna","datePublished":"2019-09-18T12:20:34+00:00","dateModified":"2020-01-18T10:05:45+00:00","mainEntityOfPage":{"@id":"https:\/\/www.closbrothers.pl\/blog\/muzeum-historii-zydow-polskich-wystawa-multimedialna\/"},"wordCount":174,"commentCount":0,"publisher":{"@id":"https:\/\/www.closbrothers.pl\/blog\/#organization"},"keywords":["interaktywa","multimedia","muzeum","projekt"],"articleSection":["Social media","Strategia"],"inLanguage":"pl-PL","potentialAction":[{"@type":"CommentAction","name":"Comment","target":["https:\/\/www.closbrothers.pl\/blog\/muzeum-historii-zydow-polskich-wystawa-multimedialna\/#respond"]}]},{"@type":"WebPage","@id":"https:\/\/www.closbrothers.pl\/blog\/muzeum-historii-zydow-polskich-wystawa-multimedialna\/","url":"https:\/\/www.closbrothers.pl\/blog\/muzeum-historii-zydow-polskich-wystawa-multimedialna\/","name":"Muzeum Historii \u017byd\u00f3w Polskich Interaktywna wystawa multimedialna | Clos Brothers","isPartOf":{"@id":"https:\/\/www.closbrothers.pl\/blog\/#website"},"datePublished":"2019-09-18T12:20:34+00:00","dateModified":"2020-01-18T10:05:45+00:00","description":"Od maja 2012 roku do wrze\u015bnia 2014 roku tworzyli\u015bmy wystaw\u0119 multimedialn\u0105 zatytu\u0142owan\u0105 \"Tysi\u0105c lat wsp\u00f3lnej historii\", kt\u00f3ra ukazywa\u0142a dzieje \u017byd\u00f3w w Polsce","breadcrumb":{"@id":"https:\/\/www.closbrothers.pl\/blog\/muzeum-historii-zydow-polskich-wystawa-multimedialna\/#breadcrumb"},"inLanguage":"pl-PL","potentialAction":[{"@type":"ReadAction","target":["https:\/\/www.closbrothers.pl\/blog\/muzeum-historii-zydow-polskich-wystawa-multimedialna\/"]}]},{"@type":"BreadcrumbList","@id":"https:\/\/www.closbrothers.pl\/blog\/muzeum-historii-zydow-polskich-wystawa-multimedialna\/#breadcrumb","itemListElement":[{"@type":"ListItem","position":1,"name":"Strona g\u0142\u00f3wna","item":"https:\/\/www.closbrothers.pl\/blog\/"},{"@type":"ListItem","position":2,"name":"Muzeum Historii \u017byd\u00f3w Polskich Interaktywna wystawa multimedialna"}]},{"@type":"WebSite","@id":"https:\/\/www.closbrothers.pl\/blog\/#website","url":"https:\/\/www.closbrothers.pl\/blog\/","name":"Blog o marketingu internetowym - Agencja Clos Brothers","description":"Blog agencji Clos Brothers to aktualno\u015bciami o marketingu internetowym. Najnowsze wiadomo\u015bci ze \u015bwiata SEO, PPC, SEM, Webdesignu, Social media marketing i wiele wi\u0119cej.","publisher":{"@id":"https:\/\/www.closbrothers.pl\/blog\/#organization"},"potentialAction":[{"@type":"SearchAction","target":{"@type":"EntryPoint","urlTemplate":"https:\/\/www.closbrothers.pl\/blog\/?s={search_term_string}"},"query-input":"required name=search_term_string"}],"inLanguage":"pl-PL"},{"@type":"Organization","@id":"https:\/\/www.closbrothers.pl\/blog\/#organization","name":"Clos Brothers SA","url":"https:\/\/www.closbrothers.pl\/blog\/","logo":{"@type":"ImageObject","inLanguage":"pl-PL","@id":"https:\/\/www.closbrothers.pl\/blog\/#\/schema\/logo\/image\/","url":"https:\/\/www.closbrothers.pl\/blog\/wp-content\/uploads\/2020\/01\/logo.png","contentUrl":"https:\/\/www.closbrothers.pl\/blog\/wp-content\/uploads\/2020\/01\/logo.png","width":175,"height":175,"caption":"Clos Brothers SA"},"image":{"@id":"https:\/\/www.closbrothers.pl\/blog\/#\/schema\/logo\/image\/"},"sameAs":["https:\/\/www.facebook.com\/closbrothers\/","https:\/\/www.instagram.com\/closbrothers\/?hl=pl"]},{"@type":"Person","@id":"https:\/\/www.closbrothers.pl\/blog\/#\/schema\/person\/0ee5499e5099f1bcc34d05399c0848b2","name":"Marcin Kope\u0107","image":{"@type":"ImageObject","inLanguage":"pl-PL","@id":"https:\/\/www.closbrothers.pl\/blog\/#\/schema\/person\/image\/","url":"https:\/\/www.closbrothers.pl\/blog\/wp-content\/uploads\/2020\/01\/Marcin-K-96x96.jpg","contentUrl":"https:\/\/www.closbrothers.pl\/blog\/wp-content\/uploads\/2020\/01\/Marcin-K-96x96.jpg","caption":"Marcin Kope\u0107"},"description":"Rozpoczyna\u0142 karier\u0119 w mi\u0119dzynarodowych firmach bran\u017cy doradczej, od ponad 18 lat zwi\u0105zany z reklam\u0105. Partner zarz\u0105dzaj\u0105cy w agencji Clos Brothers. Wsp\u00f3\u0142tworzy\u0142 strategie i zarz\u0105dza\u0142 zespo\u0142ami obs\u0142uguj\u0105cymi takie marki jak Toyota, Allianz, Cyfrowy Polsat, czy PZU. Odpowiada\u0142 tak\u017ce za zesp\u00f3\u0142 realizuj\u0105cy multimedia wystawy sta\u0142ej Muzeum Polin, Muzeum \u015al\u0105skiego, Muzeum Powsta\u0144 \u015al\u0105skich, Muzeum Jana Paw\u0142a II i Muzeum Pi\u0142sudskiego. Opr\u00f3cz reklamy interesuje si\u0119 filmem, jest producentem m.in. wielokrotnie nagradzanego na mi\u0119dzynarodowych festiwalach filmowych polsko-ameryka\u0144skiego filmu \u201eParadox Lake\u201d. Prywatnie ojciec dw\u00f3ch syn\u00f3w, pasjonat rower\u00f3w, kite surfingu i narciarstwa."}]}},"_links":{"self":[{"href":"https:\/\/www.closbrothers.pl\/blog\/wp-json\/wp\/v2\/posts\/11"}],"collection":[{"href":"https:\/\/www.closbrothers.pl\/blog\/wp-json\/wp\/v2\/posts"}],"about":[{"href":"https:\/\/www.closbrothers.pl\/blog\/wp-json\/wp\/v2\/types\/post"}],"author":[{"embeddable":true,"href":"https:\/\/www.closbrothers.pl\/blog\/wp-json\/wp\/v2\/users\/3"}],"replies":[{"embeddable":true,"href":"https:\/\/www.closbrothers.pl\/blog\/wp-json\/wp\/v2\/comments?post=11"}],"version-history":[{"count":14,"href":"https:\/\/www.closbrothers.pl\/blog\/wp-json\/wp\/v2\/posts\/11\/revisions"}],"predecessor-version":[{"id":127,"href":"https:\/\/www.closbrothers.pl\/blog\/wp-json\/wp\/v2\/posts\/11\/revisions\/127"}],"wp:featuredmedia":[{"embeddable":true,"href":"https:\/\/www.closbrothers.pl\/blog\/wp-json\/wp\/v2\/media\/13"}],"wp:attachment":[{"href":"https:\/\/www.closbrothers.pl\/blog\/wp-json\/wp\/v2\/media?parent=11"}],"wp:term":[{"taxonomy":"category","embeddable":true,"href":"https:\/\/www.closbrothers.pl\/blog\/wp-json\/wp\/v2\/categories?post=11"},{"taxonomy":"post_tag","embeddable":true,"href":"https:\/\/www.closbrothers.pl\/blog\/wp-json\/wp\/v2\/tags?post=11"}],"curies":[{"name":"wp","href":"https:\/\/api.w.org\/{rel}","templated":true}]}}